{"id":1136,"date":"2012-10-10T08:00:00","date_gmt":"2012-10-10T06:00:00","guid":{"rendered":"http:\/\/webdev.flars.net\/WORDPRESS\/?p=1136"},"modified":"2021-08-31T02:02:26","modified_gmt":"2021-08-31T00:02:26","slug":"lo-spirito-soffia","status":"publish","type":"post","link":"https:\/\/chiaralubich.org\/en\/non-categorizzato\/lo-spirito-soffia\/","title":{"rendered":"Lo Spirito soffia"},"content":{"rendered":"<p><em>Culto, Liturgia, e Comunit\u00e0 unita, nella ricorrenza del Concilio Vaticano II.<br \/>Questo testo \u00e8 tratto in parte da un diario di Chiara Lubich del 4 maggio 1968.<\/em><\/p>\n<p>\u00abSe dunque presenti la tua offerta sull\u2019altare e l\u00ec ti ricordi che tuo fratello ha qualche cosa contro di te, lascia l\u00ec il tuo dono davanti all\u2019altare e va\u2019 prima a riconciliarti con il tuo fratello e poi torna ad offrire il tuo dono\u00bb [Mt 5,23-24].<br \/>Il culto divino e l\u2019amore dei fratelli che compone e ricompone l\u2019unit\u00e0 fra essi non possono essere assolutamente disgiunti.<br \/>Se una comunit\u00e0 non si \u00abrealizza\u00bb in Cristo, nella piena comunione, \u00e8 evangelicamente inadatta a presentare a Dio un degno culto. In questi ultimi tempi il Concilio ha risvegliato questo senso della comunit\u00e0 unita; e lo Spirito Santo, soffiando in vari modi, ha fatto riscoprire il Vangelo della carit\u00e0.<br \/>Ma quale bisogno ne avevamo noi cristiani!<br \/>Ecco perch\u00e9 sovente sentivamo di non comprendere in tutto il suo valore la liturgia.<br \/>Noi siamo per lo pi\u00f9 eredi di una religiosit\u00e0 individuale, dove non si bada troppo alla carit\u00e0 reciproca nella comunit\u00e0; e pur restando nell\u2019anima quel certo senso del mistero che circonda le grandi azioni liturgiche, c\u2019\u00e8 anche l\u2019incomprensione ed il senso di vuoto per alcune, ridotte a volte a forme senza sostanza. Tutto ci\u00f2 perch\u00e9 il cristianesimo \u00e8 spesso snervato della sua forza vera: la carit\u00e0.<br \/>E poi, quale ricchezza d\u2019esperienza liturgica ci potremmo attendere da un popolo di Dio veramente unito! Il volto della Chiesa risulterebbe bello in tutto il suo splendore ed attirerebbe il mondo, come un giorno Ges\u00f9 le folle.<\/p>\n<p>(da Saper perdere, Citt\u00e0 Nuova, Roma 1969, p. 78)<\/p>\n<p><a class=\"pdf\" target=\"_blank\" href=\"index.php?option=com_docman&amp;task=doc_download&amp;gid=847\" rel=\"noopener noreferrer\">Testo<\/a><\/p>\n<p class=\"nota\">Da: Saper perdere, Citt\u00e0 Nuova, Roma 1969, p. 78<\/p>\n","protected":false},"excerpt":{"rendered":"<p>Culto, Liturgia, e Comunit\u00e0 unita, nella ricorrenza del Concilio Vaticano II.Questo testo \u00e8 tratto in parte da un diario di Chiara Lubich del 4 maggio 1968. \u00abSe dunque presenti la tua offerta sull\u2019altare e l\u00ec ti ricordi che tuo fratello ha qualche cosa contro di te, lascia l\u00ec il tuo dono davanti all\u2019altare e va\u2019 prima a riconciliarti con il tuo fratello e poi torna ad offrire il tuo dono\u00bb [Mt 5,23-24].Il culto divino e l\u2019amore dei fratelli che compone e ricompone l\u2019unit\u00e0 fra essi non possono essere assolutamente disgiunti.Se una comunit\u00e0 non si \u00abrealizza\u00bb in Cristo, nella piena comunione, \u00e8 evangelicamente inadatta a presentare a Dio un degno culto. In questi ultimi tempi il Concilio ha risvegliato questo senso della comunit\u00e0 unita; e lo Spirito Santo, soffiando in vari modi, ha fatto riscoprire il Vangelo della carit\u00e0.Ma quale bisogno ne avevamo noi cristiani!Ecco perch\u00e9 sovente sentivamo di non comprendere in tutto il suo valore la liturgia.Noi siamo per lo pi\u00f9 eredi di una religiosit\u00e0 individuale, dove non si bada troppo [&hellip;]<\/p>\n","protected":false},"author":1,"featured_media":6105,"comment_status":"open","ping_status":"open","sticky":false,"template":"","format":"standard","meta":{"footnotes":""},"categories":[506,1922,266],"tags":[1421],"tag_documenti":[2414],"tag_documenti_traduzioni":[2417],"class_list":["post-1136","post","type-post","status-publish","format-standard","has-post-thumbnail","hentry","category-archivio-scritti-it","category-documenti","category-non-categorizzato","tag-1421","tag_documenti-scritto","tag_documenti_traduzioni-italiano"],"acf":[],"_links":{"self":[{"href":"https:\/\/chiaralubich.org\/en\/wp-json\/wp\/v2\/posts\/1136","targetHints":{"allow":["GET"]}}],"collection":[{"href":"https:\/\/chiaralubich.org\/en\/wp-json\/wp\/v2\/posts"}],"about":[{"href":"https:\/\/chiaralubich.org\/en\/wp-json\/wp\/v2\/types\/post"}],"author":[{"embeddable":true,"href":"https:\/\/chiaralubich.org\/en\/wp-json\/wp\/v2\/users\/1"}],"replies":[{"embeddable":true,"href":"https:\/\/chiaralubich.org\/en\/wp-json\/wp\/v2\/comments?post=1136"}],"version-history":[{"count":0,"href":"https:\/\/chiaralubich.org\/en\/wp-json\/wp\/v2\/posts\/1136\/revisions"}],"wp:featuredmedia":[{"embeddable":true,"href":"https:\/\/chiaralubich.org\/en\/wp-json\/wp\/v2\/media\/6105"}],"wp:attachment":[{"href":"https:\/\/chiaralubich.org\/en\/wp-json\/wp\/v2\/media?parent=1136"}],"wp:term":[{"taxonomy":"category","embeddable":true,"href":"https:\/\/chiaralubich.org\/en\/wp-json\/wp\/v2\/categories?post=1136"},{"taxonomy":"post_tag","embeddable":true,"href":"https:\/\/chiaralubich.org\/en\/wp-json\/wp\/v2\/tags?post=1136"},{"taxonomy":"tag_documenti","embeddable":true,"href":"https:\/\/chiaralubich.org\/en\/wp-json\/wp\/v2\/tag_documenti?post=1136"},{"taxonomy":"tag_documenti_traduzioni","embeddable":true,"href":"https:\/\/chiaralubich.org\/en\/wp-json\/wp\/v2\/tag_documenti_traduzioni?post=1136"}],"curies":[{"name":"wp","href":"https:\/\/api.w.org\/{rel}","templated":true}]}}