{"id":1150,"date":"2012-10-31T09:00:00","date_gmt":"2012-10-31T08:00:00","guid":{"rendered":"http:\/\/webdev.flars.net\/WORDPRESS\/?p=1150"},"modified":"2021-08-31T02:02:26","modified_gmt":"2021-08-31T00:02:26","slug":"se-uno-mi-ama-osservera-la-mia-parola","status":"publish","type":"post","link":"https:\/\/chiaralubich.org\/en\/non-categorizzato\/se-uno-mi-ama-osservera-la-mia-parola\/","title":{"rendered":"Se uno mi ama, osserver\u00e0 la mia parola &#8230;"},"content":{"rendered":"<h1>Citt\u00e0 Nuova, 25 aprile 2001<\/h1>\n<p>Commento alla Parola di Vita:<\/p>\n<blockquote class=\"quotation\">\n<p><strong>Se uno mi ama, osserver\u00e0 la mia parola e il Padre mio lo amer\u00e0 e noi verremo a lui e prenderemo dimora presso di lui <\/strong>(Gv 14,23).<\/p>\n<\/blockquote>\n<p>Ges\u00f9 sta rivolgendo agli apostoli i suoi grandi ed intensi discorsi di addio, e li assicura, fra il resto, che essi lo avrebbero visto di nuovo, perch\u00e9 egli si sarebbe manifestato a coloro che lo amano.<br \/>Giuda, non l&#8217;Iscariota, gli domanda allora come mai egli si sarebbe manifestato a loro e non in pubblico. Il discepolo desiderava una grande manifestazione esterna di Ges\u00f9 che avrebbe potuto cambiare la storia e sarebbe stata pi\u00f9 utile, secondo lui, alla salvezza del mondo. Gli apostoli, infatti, pensavano che Ges\u00f9 fosse il profeta tanto atteso degli ultimi tempi, il quale avrebbe fatto la sua comparsa rivelandosi al cospetto di tutti come il Re d&#8217;Israele e, mettendosi alla testa del popolo di Dio, avrebbe instaurato definitivamente il Regno del Signore.<\/p>\n<p>Ges\u00f9 risponde invece che la sua manifestazione non sarebbe avvenuta in modo spettacolare ed esterno. Essa sarebbe stata una semplice, straordinaria &#8220;venuta&#8221; della Trinit\u00e0 nel cuore del fedele, che si attua l\u00e0 dove vi \u00e8 fede ed amore.<br \/>Con questa risposta Ges\u00f9 precisa in quale modo egli rimarr\u00e0 presente in mezzo ai suoi dopo la sua morte e spiega come sar\u00e0 possibile avere contatto con lui. <\/p>\n<blockquote class=\"quotation\">\n<p><strong>Se uno mi ama, osserver\u00e0 la mia parola e il Padre mio lo amer\u00e0 e noi verremo a lui e prenderemo dimora presso di lui.<\/strong><\/p>\n<\/blockquote>\n<p>La sua presenza dunque si pu\u00f2 realizzare fin d&#8217;ora nei cristiani ed in mezzo alla comunit\u00e0; non occorre aspettare il futuro. Il tempio che la accoglie non \u00e8 tanto quello fatto di muri, ma il cuore stesso del cristiano, che diventa cos\u00ec il nuovo tabernacolo, la viva dimora della Trinit\u00e0.<\/p>\n<blockquote class=\"quotation\">\n<p><strong>Se uno mi ama, osserver\u00e0 la mia parola e il Padre mio lo amer\u00e0 e noi verremo a lui e prenderemo dimora presso di lui.<\/strong><\/p>\n<\/blockquote>\n<p>Ma come pu\u00f2 il cristiano arrivare a tanto? Come portare in s\u00e9 Dio stesso? Quale la via per entrare in questa profonda comunione con lui? E&#8217; l&#8217;amore verso Ges\u00f9.<br \/>Un amore che non \u00e8 mero sentimentalismo, ma si traduce in vita concreta e, precisamente, nell&#8217;osservare la sua Parola. E&#8217; a quest&#8217;amore del cristiano, verificato dai fatti, che Dio risponde col suo amore: la Trinit\u00e0 viene ad abitare in lui.<\/p>\n<blockquote class=\"quotation\">\n<p><strong>Se uno mi ama, osserver\u00e0 la mia parola e il Padre mio lo amer\u00e0 e noi verremo a lui e prenderemo dimora presso di lui.<\/strong><\/p>\n<\/blockquote>\n<p>\u00ab&#8230; osserver\u00e0 la mia parola\u00bb.<br \/>E quali sono le parole che il cristiano \u00e8 chiamato ad osservare?<br \/>Nel Vangelo di Giovanni, &#8220;le mie parole&#8221; sono spesso sinonimo di &#8220;i miei comandamenti&#8221;. Il cristiano \u00e8 dunque chiamato ad osservare i comandamenti di Ges\u00f9. Essi per\u00f2 non vanno tanto intesi come un catalogo di leggi. Occorre piuttosto vederli tutti sintetizzati in quello che Ges\u00f9 ha illustrato con la lavanda dei piedi: il comandamento dell&#8217;amore reciproco. Dio comanda ad ogni cristiano di amare l&#8217;altro fino al dono completo di s\u00e9, come Ges\u00f9 ha insegnato ed ha fatto.<\/p>\n<blockquote class=\"quotation\">\n<p><strong>Se uno mi ama, osserver\u00e0 la mia parola e il Padre mio lo amer\u00e0 e noi verremo a lui e prenderemo dimora presso di lui.<\/strong><\/p>\n<\/blockquote>\n<p>E come allora vivere bene questa Parola? Come arrivare al punto in cui il Padre stesso ci amer\u00e0 e la Trinit\u00e0 prender\u00e0 dimora in noi?<br \/>Attuando con tutto il nostro cuore, con radicalit\u00e0 e perseveranza appunto l&#8217;amore reciproco fra noi.<br \/>In questo, principalmente, il cristiano trova anche la via di quella profonda ascetica cristiana che il Crocifisso esige da lui. E&#8217; l\u00ec, infatti, nell&#8217;amore reciproco, che fioriscono nel suo cuore le varie virt\u00f9 ed \u00e8 l\u00ec che pu\u00f2 corrispondere alla chiamata della propria santificazione.<\/p>\n<p><em>Chiara Lubich<\/em><\/p>\n<p><a class=\"pdf\" target=\"_blank\" href=\"index.php?option=com_docman&amp;task=doc_download&amp;gid=862\" rel=\"noopener noreferrer\">Trascrizione<\/a><\/p>\n<p class=\"nota\">(Pubblicata in Citt\u00e0 Nuova, 2001\/8, p.7)<\/p>\n","protected":false},"excerpt":{"rendered":"<p>Citt\u00e0 Nuova, 25 aprile 2001 Commento alla Parola di Vita: Se uno mi ama, osserver\u00e0 la mia parola e il Padre mio lo amer\u00e0 e noi verremo a lui e prenderemo dimora presso di lui (Gv 14,23). Ges\u00f9 sta rivolgendo agli apostoli i suoi grandi ed intensi discorsi di addio, e li assicura, fra il resto, che essi lo avrebbero visto di nuovo, perch\u00e9 egli si sarebbe manifestato a coloro che lo amano.Giuda, non l&#8217;Iscariota, gli domanda allora come mai egli si sarebbe manifestato a loro e non in pubblico. Il discepolo desiderava una grande manifestazione esterna di Ges\u00f9 che avrebbe potuto cambiare la storia e sarebbe stata pi\u00f9 utile, secondo lui, alla salvezza del mondo. Gli apostoli, infatti, pensavano che Ges\u00f9 fosse il profeta tanto atteso degli ultimi tempi, il quale avrebbe fatto la sua comparsa rivelandosi al cospetto di tutti come il Re d&#8217;Israele e, mettendosi alla testa del popolo di Dio, avrebbe instaurato definitivamente il Regno del Signore. Ges\u00f9 risponde invece che la sua manifestazione non sarebbe avvenuta [&hellip;]<\/p>\n","protected":false},"author":1,"featured_media":6105,"comment_status":"open","ping_status":"open","sticky":false,"template":"","format":"standard","meta":{"footnotes":""},"categories":[506,1922,266],"tags":[1394],"tag_documenti":[2414],"tag_documenti_traduzioni":[2417],"class_list":["post-1150","post","type-post","status-publish","format-standard","has-post-thumbnail","hentry","category-archivio-scritti-it","category-documenti","category-non-categorizzato","tag-1394","tag_documenti-scritto","tag_documenti_traduzioni-italiano"],"acf":[],"_links":{"self":[{"href":"https:\/\/chiaralubich.org\/en\/wp-json\/wp\/v2\/posts\/1150","targetHints":{"allow":["GET"]}}],"collection":[{"href":"https:\/\/chiaralubich.org\/en\/wp-json\/wp\/v2\/posts"}],"about":[{"href":"https:\/\/chiaralubich.org\/en\/wp-json\/wp\/v2\/types\/post"}],"author":[{"embeddable":true,"href":"https:\/\/chiaralubich.org\/en\/wp-json\/wp\/v2\/users\/1"}],"replies":[{"embeddable":true,"href":"https:\/\/chiaralubich.org\/en\/wp-json\/wp\/v2\/comments?post=1150"}],"version-history":[{"count":0,"href":"https:\/\/chiaralubich.org\/en\/wp-json\/wp\/v2\/posts\/1150\/revisions"}],"wp:featuredmedia":[{"embeddable":true,"href":"https:\/\/chiaralubich.org\/en\/wp-json\/wp\/v2\/media\/6105"}],"wp:attachment":[{"href":"https:\/\/chiaralubich.org\/en\/wp-json\/wp\/v2\/media?parent=1150"}],"wp:term":[{"taxonomy":"category","embeddable":true,"href":"https:\/\/chiaralubich.org\/en\/wp-json\/wp\/v2\/categories?post=1150"},{"taxonomy":"post_tag","embeddable":true,"href":"https:\/\/chiaralubich.org\/en\/wp-json\/wp\/v2\/tags?post=1150"},{"taxonomy":"tag_documenti","embeddable":true,"href":"https:\/\/chiaralubich.org\/en\/wp-json\/wp\/v2\/tag_documenti?post=1150"},{"taxonomy":"tag_documenti_traduzioni","embeddable":true,"href":"https:\/\/chiaralubich.org\/en\/wp-json\/wp\/v2\/tag_documenti_traduzioni?post=1150"}],"curies":[{"name":"wp","href":"https:\/\/api.w.org\/{rel}","templated":true}]}}