{"id":1583,"date":"2014-01-13T09:00:00","date_gmt":"2014-01-13T08:00:00","guid":{"rendered":"http:\/\/webdev.flars.net\/WORDPRESS\/?p=1583"},"modified":"2021-08-31T02:02:43","modified_gmt":"2021-08-31T00:02:43","slug":"la-gioia-di-ritrovarsi-fratelli","status":"publish","type":"post","link":"https:\/\/chiaralubich.org\/en\/non-categorizzato\/la-gioia-di-ritrovarsi-fratelli\/","title":{"rendered":"La gioia di ritrovarsi fratelli"},"content":{"rendered":"<h1>Roma, 10 marzo 1976<sup>1<\/sup><\/h1>\n<p class=\"intro\">L\u2019ottimismo che traspare da questo testo ha una radice profonda e inconfutabile nell\u2019esperienza quotidiana di Chiara: l\u2019amore \u2013 quello divino che ci \u00e8 partecipato \u2013 fa miracoli.<\/p>\n<p><strong>Hai avuto contatti con tanti cristiani non cattolici. Come li vedevi prima questi fratelli e come li consideri ora?<\/strong><\/p>\n<p>Ecco: di fronte ad una bottiglia riempita per tre quarti si possono avere le due note reazioni: Ah! ne manca ancora un quarto! Oppure: \u00c8 gi\u00e0 riempita per tre quarti!\u00a0 La prima espressione dice come vedevo io una volta i miei fratelli non cattolici, e cio\u00e8 quindici anni fa, prima che iniziassi a lavorare, con tutto il Movimento dei Focolari, per l\u2019ecumenismo.<\/p>\n<p>La seconda reazione \u00e8 quella che ho in cuore in questi ultimi anni. Non so infatti come ringraziare Dio d\u2019avermi portata in contatto con cristiani delle denominazioni pi\u00f9 varie e importanti.<\/p>\n<p>Il vivere con loro, il trattare con loro, soprattutto il conoscerli, da quando essi si sono aperti perch\u00e9 hanno accettato di stabilire con noi un rapporto di carit\u00e0 reciproca in Cristo, mi ha messo nel cuore un grande senso di stupore e di gratitudine verso la Provvidenza per aver vegliato in queste Chiese o comunit\u00e0 ecclesiali su le tante ricchezze di fede, di speranza a volte, delle liturgia altre, sul valore della parola di Dio&#8230;\u00a0<\/p>\n<p>Al contatto con loro mi si \u00e8 allargato enormemente il cuore. Ho \u201csentito\u201d che non siamo solo una famiglia di 690 milioni di fratelli perch\u00e9 \u201ccattolici\u201d (cos\u00ec almeno dalle statistiche, non tenendo conto delle crisi che passano molti), ma di quasi un miliardo perch\u00e9 \u201ccristiani\u201d&#8230; anche se alcune cose (e alle volte molto molto poche) mancano alla piena unificazione delle varie Chiese. \u00a0<br \/>Siamo tutti fratelli che amano Cristo, che cercano di amarlo. Ed aver questo denominatore comune \u00e8 gi\u00e0 molto, moltissimo. <br \/>Tutti insieme apparteniamo alla Chiesa, anche se non tutti all\u2019unit\u00e0 cattolica. Ha detto cos\u00ec Paolo VI, una volta, parlando ad un gruppo di luterani.\u00a0<\/p>\n<p>Se la divisione dei cristiani in centinaia di denominazioni pu\u00f2 mozzar il fiato, soprattutto di fronte al problema della loro riunificazione, chi \u00e8 immerso nel lavoro fra questi fratelli e li ama, prova una gioia particolare. E queste non sono parole. \u00c8 una gioia, credo, che si prova solo qui: quella di riscoprirci fratelli perch\u00e9 \u00e8 Cristo in ambo.\u00a0<\/p>\n<p>E allora da ci\u00f2 la spinta di andare fino in fondo, di metter in comunione \u201ctutti\u201d i beni spirituali che abbiamo. Si \u00e8 notato che questi circolano, che l\u2019amore fa miracoli, che suscita in tutte le Chiese persone votate all\u2019unit\u00e0, che operano in seno alla propria Chiesa amando, illuminando, donando, per arrivare per\u00f2 al traguardo: una sola Chiesa.<\/p>\n<p><sup class=\"nota\">1<\/sup> (Citt\u00e0 Nuova, n. 5, 1976, pag. 33) <\/p>\n<p><a href=\"index.php?option=com_docman&amp;task=doc_download&amp;gid=1297\" target=\"_blank\" class=\"pdf\" rel=\"noopener noreferrer\">Testo<\/a><\/p>\n","protected":false},"excerpt":{"rendered":"<p>Roma, 10 marzo 19761 L\u2019ottimismo che traspare da questo testo ha una radice profonda e inconfutabile nell\u2019esperienza quotidiana di Chiara: l\u2019amore \u2013 quello divino che ci \u00e8 partecipato \u2013 fa miracoli. Hai avuto contatti con tanti cristiani non cattolici. Come li vedevi prima questi fratelli e come li consideri ora? Ecco: di fronte ad una bottiglia riempita per tre quarti si possono avere le due note reazioni: Ah! ne manca ancora un quarto! Oppure: \u00c8 gi\u00e0 riempita per tre quarti!\u00a0 La prima espressione dice come vedevo io una volta i miei fratelli non cattolici, e cio\u00e8 quindici anni fa, prima che iniziassi a lavorare, con tutto il Movimento dei Focolari, per l\u2019ecumenismo. La seconda reazione \u00e8 quella che ho in cuore in questi ultimi anni. Non so infatti come ringraziare Dio d\u2019avermi portata in contatto con cristiani delle denominazioni pi\u00f9 varie e importanti. Il vivere con loro, il trattare con loro, soprattutto il conoscerli, da quando essi si sono aperti perch\u00e9 hanno accettato di stabilire con noi un rapporto di carit\u00e0 [&hellip;]<\/p>\n","protected":false},"author":1,"featured_media":6105,"comment_status":"open","ping_status":"open","sticky":false,"template":"","format":"standard","meta":{"footnotes":""},"categories":[506,1922,266],"tags":[1433],"tag_documenti":[2414],"tag_documenti_traduzioni":[2417],"class_list":["post-1583","post","type-post","status-publish","format-standard","has-post-thumbnail","hentry","category-archivio-scritti-it","category-documenti","category-non-categorizzato","tag-1433","tag_documenti-scritto","tag_documenti_traduzioni-italiano"],"acf":[],"_links":{"self":[{"href":"https:\/\/chiaralubich.org\/en\/wp-json\/wp\/v2\/posts\/1583","targetHints":{"allow":["GET"]}}],"collection":[{"href":"https:\/\/chiaralubich.org\/en\/wp-json\/wp\/v2\/posts"}],"about":[{"href":"https:\/\/chiaralubich.org\/en\/wp-json\/wp\/v2\/types\/post"}],"author":[{"embeddable":true,"href":"https:\/\/chiaralubich.org\/en\/wp-json\/wp\/v2\/users\/1"}],"replies":[{"embeddable":true,"href":"https:\/\/chiaralubich.org\/en\/wp-json\/wp\/v2\/comments?post=1583"}],"version-history":[{"count":0,"href":"https:\/\/chiaralubich.org\/en\/wp-json\/wp\/v2\/posts\/1583\/revisions"}],"wp:featuredmedia":[{"embeddable":true,"href":"https:\/\/chiaralubich.org\/en\/wp-json\/wp\/v2\/media\/6105"}],"wp:attachment":[{"href":"https:\/\/chiaralubich.org\/en\/wp-json\/wp\/v2\/media?parent=1583"}],"wp:term":[{"taxonomy":"category","embeddable":true,"href":"https:\/\/chiaralubich.org\/en\/wp-json\/wp\/v2\/categories?post=1583"},{"taxonomy":"post_tag","embeddable":true,"href":"https:\/\/chiaralubich.org\/en\/wp-json\/wp\/v2\/tags?post=1583"},{"taxonomy":"tag_documenti","embeddable":true,"href":"https:\/\/chiaralubich.org\/en\/wp-json\/wp\/v2\/tag_documenti?post=1583"},{"taxonomy":"tag_documenti_traduzioni","embeddable":true,"href":"https:\/\/chiaralubich.org\/en\/wp-json\/wp\/v2\/tag_documenti_traduzioni?post=1583"}],"curies":[{"name":"wp","href":"https:\/\/api.w.org\/{rel}","templated":true}]}}