{"id":1649,"date":"2014-03-27T10:00:00","date_gmt":"2014-03-27T09:00:00","guid":{"rendered":"http:\/\/webdev.flars.net\/WORDPRESS\/?p=1649"},"modified":"2021-08-31T02:02:44","modified_gmt":"2021-08-31T00:02:44","slug":"l-abito-dei-cristiani","status":"publish","type":"post","link":"https:\/\/chiaralubich.org\/en\/non-categorizzato\/l-abito-dei-cristiani\/","title":{"rendered":"L&#8217;abito dei cristiani"},"content":{"rendered":"<h1>Roma, 1963<\/h1>\n<p class=\"intro\">Un invito alla gioia del Vangelo.<\/p>\n<blockquote>\n<p>Alle volte, Signore, nelle vanit\u00e0 ambulanti per le vie della citt\u00e0, tra la frivolezza e la superficialit\u00e0, la tristezza e la fretta dell\u2019uomo, d\u2019ogni uomo che passa, il fruscio d\u2019un abito di suora, il silenzioso angelico passaggio d\u2019una \u201cpiccola sorella di Foucauld\u201d nel suo aspetto decisamente dimesso, dice ancora alle nostre anime l\u2019ideale del suo fondatore, che \u201cgrid\u00f2\u201d il Vangelo con la sua vita.<\/p>\n<p>E rinasce allora in noi pi\u00f9 veemente il desiderio di \u201cdirti\u201d anche noi, di \u201cgridarti\u201d pure noi&#8230;<br \/>Ma come possiamo, col nostro solo passaggio, \u201cdarti\u201d al mondo, \u201cdirti\u201d al mondo, testimoniarti, predicarti, noi che vestiamo come tutti, che ci confondiamo ora con tutti come Maria al suo tempo, come Ges\u00f9? Da che potranno conoscerti?<\/p>\n<p>E nuova pullula dal cuore l\u2019evangelica risposta, la tua soluzione al nostro quesito: \u00abDa questo tutti sapranno che siete miei discepoli, se avrete amore gli uni per gli altri\u00bb (Gv 13, 35). Ecco l\u2019abito dei cristiani comuni che, vecchi e giovani, uomini e donne, sposati o meno, adulti e bambini, ammalati o sani possono indossare per gridare dovunque e sempre, con la propria vita, Colui nel quale credono, Colui che vogliono amare.<\/p>\n<\/blockquote>\n<p><em>Chiara Lubich<\/em><\/p>\n<p class=\"nota\">(Da: Frammenti, Citt\u00e0 Nuova, Roma 1963, p. 155)<\/p>\n<p><a href=\"index.php?option=com_docman&amp;task=doc_download&amp;gid=1366\" target=\"_blank\" class=\"pdf\" rel=\"noopener noreferrer\">Testo<\/a><\/p>\n","protected":false},"excerpt":{"rendered":"<p>Roma, 1963 Un invito alla gioia del Vangelo. Alle volte, Signore, nelle vanit\u00e0 ambulanti per le vie della citt\u00e0, tra la frivolezza e la superficialit\u00e0, la tristezza e la fretta dell\u2019uomo, d\u2019ogni uomo che passa, il fruscio d\u2019un abito di suora, il silenzioso angelico passaggio d\u2019una \u201cpiccola sorella di Foucauld\u201d nel suo aspetto decisamente dimesso, dice ancora alle nostre anime l\u2019ideale del suo fondatore, che \u201cgrid\u00f2\u201d il Vangelo con la sua vita. E rinasce allora in noi pi\u00f9 veemente il desiderio di \u201cdirti\u201d anche noi, di \u201cgridarti\u201d pure noi&#8230;Ma come possiamo, col nostro solo passaggio, \u201cdarti\u201d al mondo, \u201cdirti\u201d al mondo, testimoniarti, predicarti, noi che vestiamo come tutti, che ci confondiamo ora con tutti come Maria al suo tempo, come Ges\u00f9? Da che potranno conoscerti? E nuova pullula dal cuore l\u2019evangelica risposta, la tua soluzione al nostro quesito: \u00abDa questo tutti sapranno che siete miei discepoli, se avrete amore gli uni per gli altri\u00bb (Gv 13, 35). Ecco l\u2019abito dei cristiani comuni che, vecchi e giovani, uomini e donne, sposati o [&hellip;]<\/p>\n","protected":false},"author":1,"featured_media":6105,"comment_status":"open","ping_status":"open","sticky":false,"template":"","format":"standard","meta":{"footnotes":""},"categories":[506,1922,266],"tags":[1450],"tag_documenti":[2414],"tag_documenti_traduzioni":[2417],"class_list":["post-1649","post","type-post","status-publish","format-standard","has-post-thumbnail","hentry","category-archivio-scritti-it","category-documenti","category-non-categorizzato","tag-1450","tag_documenti-scritto","tag_documenti_traduzioni-italiano"],"acf":[],"_links":{"self":[{"href":"https:\/\/chiaralubich.org\/en\/wp-json\/wp\/v2\/posts\/1649","targetHints":{"allow":["GET"]}}],"collection":[{"href":"https:\/\/chiaralubich.org\/en\/wp-json\/wp\/v2\/posts"}],"about":[{"href":"https:\/\/chiaralubich.org\/en\/wp-json\/wp\/v2\/types\/post"}],"author":[{"embeddable":true,"href":"https:\/\/chiaralubich.org\/en\/wp-json\/wp\/v2\/users\/1"}],"replies":[{"embeddable":true,"href":"https:\/\/chiaralubich.org\/en\/wp-json\/wp\/v2\/comments?post=1649"}],"version-history":[{"count":0,"href":"https:\/\/chiaralubich.org\/en\/wp-json\/wp\/v2\/posts\/1649\/revisions"}],"wp:featuredmedia":[{"embeddable":true,"href":"https:\/\/chiaralubich.org\/en\/wp-json\/wp\/v2\/media\/6105"}],"wp:attachment":[{"href":"https:\/\/chiaralubich.org\/en\/wp-json\/wp\/v2\/media?parent=1649"}],"wp:term":[{"taxonomy":"category","embeddable":true,"href":"https:\/\/chiaralubich.org\/en\/wp-json\/wp\/v2\/categories?post=1649"},{"taxonomy":"post_tag","embeddable":true,"href":"https:\/\/chiaralubich.org\/en\/wp-json\/wp\/v2\/tags?post=1649"},{"taxonomy":"tag_documenti","embeddable":true,"href":"https:\/\/chiaralubich.org\/en\/wp-json\/wp\/v2\/tag_documenti?post=1649"},{"taxonomy":"tag_documenti_traduzioni","embeddable":true,"href":"https:\/\/chiaralubich.org\/en\/wp-json\/wp\/v2\/tag_documenti_traduzioni?post=1649"}],"curies":[{"name":"wp","href":"https:\/\/api.w.org\/{rel}","templated":true}]}}