{"id":1675,"date":"2014-04-26T10:00:00","date_gmt":"2014-04-26T08:00:00","guid":{"rendered":"http:\/\/webdev.flars.net\/WORDPRESS\/?p=1675"},"modified":"2021-08-31T02:02:45","modified_gmt":"2021-08-31T00:02:45","slug":"sono-pochi-giorni-che-l-abbiamo-papa-giovanni-xxiii","status":"publish","type":"post","link":"https:\/\/chiaralubich.org\/en\/non-categorizzato\/sono-pochi-giorni-che-l-abbiamo-papa-giovanni-xxiii\/","title":{"rendered":"Sono pochi giorni che l&#8217;abbiamo Papa, Giovanni XXIII"},"content":{"rendered":"<h1>20 novembre 1958<\/h1>\n<p><em>Giovanni XXIII \u00e8\u00a0 il papa che firm\u00f2 l\u2019approvazione del Movimento dei Focolari nel 1962. Cos\u00ec Chiara Lubich lo ricorda nelle colonne della rivista \u201cCitt\u00e0 Nuova\u201d<\/em> <\/p>\n<p>(&#8230;)<br \/>In Giovanni XXIII \u00e8 Ges\u00f9 dal cuore in mano. Ges\u00f9 che pieno di dolore e di amore dice ai suoi discepoli: &#8220;Figliolini miei, amatevi a vicenda&#8221;.<\/p>\n<p>Ma siccome l&#8217;amore non \u00e8 amore se non \u00e8 forte, si presenta in Lui la facilit\u00e0 di scendere al concreto e all&#8217;immediato, di incarnare insomma quelle parole: &#8220;Coepit facere et docere&#8221;, di far con amore universale per tutti e particolare per ciascuno, della Chiesa, una famiglia.<\/p>\n<p>In Giovanni XXIII si vedono doti cos\u00ec eccelse di umilt\u00e0, di semplicit\u00e0 da far star male parecchia gente che vive nell&#8217;inganno del superfluo o della forma, o nel gonfiore di una scienza che poco serve alla vita e molto alla superbia.<\/p>\n<p>In Lui Ges\u00f9 desidera riunire in un solo ovile tutte le pecorelle, anche quelle che randagiano fuori, con quella &#8220;diplomazia&#8221;, dicono, ma con quella sapienza, diciamo, che stringe al cuore, ammonisce, ordina, trova con estrema semplicit\u00e0 le vie del ritorno di coloro che stanno subendo le conseguenze di triste eredit\u00e0.<\/p>\n<p>Sono pochi giorni che L&#8217;abbiamo Papa, Giovanni XXIII, ma con tutto l&#8217;animo vogliamo dirGli: Dio Ti ha dato a noi, voglici bene.<\/p>\n<p>Noi Ti promettiamo fedelt\u00e0 e amore come a Cristo stesso. Usa di noi come Tu solo sai, Tu unico al mondo capace di governare la Chiesa, le opere della Chiesa, le singole anime della Tua Chiesa.<\/p>\n<p class=\"nota\">(da Chiara Lubich, I due Papi, in &#8220;Citt\u00e0 Nuova&#8221;, 22 (1958), p.2)<\/p>\n<p><a href=\"index.php?option=com_docman&amp;task=doc_download&amp;gid=1393\" target=\"_blank\" class=\"pdf\" rel=\"noopener noreferrer\">Testo<\/a> <\/p>\n","protected":false},"excerpt":{"rendered":"<p>20 novembre 1958 Giovanni XXIII \u00e8\u00a0 il papa che firm\u00f2 l\u2019approvazione del Movimento dei Focolari nel 1962. Cos\u00ec Chiara Lubich lo ricorda nelle colonne della rivista \u201cCitt\u00e0 Nuova\u201d (&#8230;)In Giovanni XXIII \u00e8 Ges\u00f9 dal cuore in mano. Ges\u00f9 che pieno di dolore e di amore dice ai suoi discepoli: &#8220;Figliolini miei, amatevi a vicenda&#8221;. Ma siccome l&#8217;amore non \u00e8 amore se non \u00e8 forte, si presenta in Lui la facilit\u00e0 di scendere al concreto e all&#8217;immediato, di incarnare insomma quelle parole: &#8220;Coepit facere et docere&#8221;, di far con amore universale per tutti e particolare per ciascuno, della Chiesa, una famiglia. In Giovanni XXIII si vedono doti cos\u00ec eccelse di umilt\u00e0, di semplicit\u00e0 da far star male parecchia gente che vive nell&#8217;inganno del superfluo o della forma, o nel gonfiore di una scienza che poco serve alla vita e molto alla superbia. In Lui Ges\u00f9 desidera riunire in un solo ovile tutte le pecorelle, anche quelle che randagiano fuori, con quella &#8220;diplomazia&#8221;, dicono, ma con quella sapienza, diciamo, che stringe al cuore, [&hellip;]<\/p>\n","protected":false},"author":1,"featured_media":6105,"comment_status":"open","ping_status":"open","sticky":false,"template":"","format":"standard","meta":{"footnotes":""},"categories":[506,1922,266],"tags":[1444],"tag_documenti":[2414],"tag_documenti_traduzioni":[2417],"class_list":["post-1675","post","type-post","status-publish","format-standard","has-post-thumbnail","hentry","category-archivio-scritti-it","category-documenti","category-non-categorizzato","tag-1444","tag_documenti-scritto","tag_documenti_traduzioni-italiano"],"acf":[],"_links":{"self":[{"href":"https:\/\/chiaralubich.org\/en\/wp-json\/wp\/v2\/posts\/1675","targetHints":{"allow":["GET"]}}],"collection":[{"href":"https:\/\/chiaralubich.org\/en\/wp-json\/wp\/v2\/posts"}],"about":[{"href":"https:\/\/chiaralubich.org\/en\/wp-json\/wp\/v2\/types\/post"}],"author":[{"embeddable":true,"href":"https:\/\/chiaralubich.org\/en\/wp-json\/wp\/v2\/users\/1"}],"replies":[{"embeddable":true,"href":"https:\/\/chiaralubich.org\/en\/wp-json\/wp\/v2\/comments?post=1675"}],"version-history":[{"count":0,"href":"https:\/\/chiaralubich.org\/en\/wp-json\/wp\/v2\/posts\/1675\/revisions"}],"wp:featuredmedia":[{"embeddable":true,"href":"https:\/\/chiaralubich.org\/en\/wp-json\/wp\/v2\/media\/6105"}],"wp:attachment":[{"href":"https:\/\/chiaralubich.org\/en\/wp-json\/wp\/v2\/media?parent=1675"}],"wp:term":[{"taxonomy":"category","embeddable":true,"href":"https:\/\/chiaralubich.org\/en\/wp-json\/wp\/v2\/categories?post=1675"},{"taxonomy":"post_tag","embeddable":true,"href":"https:\/\/chiaralubich.org\/en\/wp-json\/wp\/v2\/tags?post=1675"},{"taxonomy":"tag_documenti","embeddable":true,"href":"https:\/\/chiaralubich.org\/en\/wp-json\/wp\/v2\/tag_documenti?post=1675"},{"taxonomy":"tag_documenti_traduzioni","embeddable":true,"href":"https:\/\/chiaralubich.org\/en\/wp-json\/wp\/v2\/tag_documenti_traduzioni?post=1675"}],"curies":[{"name":"wp","href":"https:\/\/api.w.org\/{rel}","templated":true}]}}