{"id":2117,"date":"2015-11-18T15:52:39","date_gmt":"2015-11-18T14:52:39","guid":{"rendered":"http:\/\/webdev.flars.net\/WORDPRESS\/?p=2117"},"modified":"2021-08-31T02:02:59","modified_gmt":"2021-08-31T00:02:59","slug":"misericordia-e-perdono","status":"publish","type":"post","link":"https:\/\/chiaralubich.org\/en\/non-categorizzato\/misericordia-e-perdono\/","title":{"rendered":"Misericordia e perdono"},"content":{"rendered":"<p class=\"intro\">\u201cLa verit\u00e0 \u00e8 misericordia pura\u201d. Da uno scritto di Chiara Lubich prima del 1959.\u00a0<\/p>\n<p><span style=\"background-color: transparent;\">Avevamo detto di voler vedere solo Ges\u00f9 nel fratello, di trattare con Ges\u00f9 nel fratello, di amare Ges\u00f9 nel fratello, ma ora s\u2019affaccia il ricordo che quel fratello ha questo o quel difetto, ha questa o quella imperfezione.\u00a0<\/span><\/p>\n<p>Il nostro occhio si complica e il nostro essere non \u00e8 pi\u00f9 illuminato. Di conseguenza si rompe l\u2019unit\u00e0, errando.\u00a0<\/p>\n<p>Forse quel fratello, come tutti noi, ha commesso degli errori, ma Dio come lo vede? Qual \u00e8 in realt\u00e0 la sua condizione, la verit\u00e0 del suo stato? Se \u00e8 a posto davanti a Dio, Dio non ricorda pi\u00f9 nulla, ha tutto cancellato col suo sangue. E noi perch\u00e9 ricordare?\u00a0<\/p>\n<p>Chi \u00e8 nell\u2019errore in quel momento?\u00a0<\/p>\n<p>Io che giudico, o il fratello?\u00a0<\/p>\n<p>Io.\u00a0<\/p>\n<p>E allora devo mettermi a veder le cose dall\u2019occhio di Dio, nella verit\u00e0, e trattare in modo conforme col fratello, ch\u00e9, se per disavventura egli non si fosse ancor sistemato col Signore, il calore del mio amore, che \u00e8 Cristo in me, lo porterebbe a compunzione come il sole riassorbe e cicatrizza tante piaghe.\u00a0<\/p>\n<p>La carit\u00e0 si mantiene con la verit\u00e0 e la verit\u00e0 \u00e8 misericordia pura, della quale dobbiamo essere rivestiti da capo a piedi per poterci dire cristiani.\u201d \u00a0<\/p>\n<p class=\"nota\">(Da &#8216;La dottrina spirituale&#8221;, Citt\u00e0 Nuova, Roma 2006, pp. 159-160)<\/p>\n<p class=\"nota\">\u00a0 <a href=\"index.php?option=com_docman&amp;view=document&amp;alias=1898-chi-19590000-1-it&amp;category_slug=italiano&amp;Itemid=328\" target=\"_blank\" class=\"pdf\" rel=\"noopener noreferrer\">testo<\/a><\/p>\n","protected":false},"excerpt":{"rendered":"<p>\u201cLa verit\u00e0 \u00e8 misericordia pura\u201d. Da uno scritto di Chiara Lubich prima del 1959.\u00a0 Avevamo detto di voler vedere solo Ges\u00f9 nel fratello, di trattare con Ges\u00f9 nel fratello, di amare Ges\u00f9 nel fratello, ma ora s\u2019affaccia il ricordo che quel fratello ha questo o quel difetto, ha questa o quella imperfezione.\u00a0 Il nostro occhio si complica e il nostro essere non \u00e8 pi\u00f9 illuminato. Di conseguenza si rompe l\u2019unit\u00e0, errando.\u00a0 Forse quel fratello, come tutti noi, ha commesso degli errori, ma Dio come lo vede? Qual \u00e8 in realt\u00e0 la sua condizione, la verit\u00e0 del suo stato? Se \u00e8 a posto davanti a Dio, Dio non ricorda pi\u00f9 nulla, ha tutto cancellato col suo sangue. E noi perch\u00e9 ricordare?\u00a0 Chi \u00e8 nell\u2019errore in quel momento?\u00a0 Io che giudico, o il fratello?\u00a0 Io.\u00a0 E allora devo mettermi a veder le cose dall\u2019occhio di Dio, nella verit\u00e0, e trattare in modo conforme col fratello, ch\u00e9, se per disavventura egli non si fosse ancor sistemato col Signore, il calore del mio amore, che [&hellip;]<\/p>\n","protected":false},"author":1,"featured_media":6105,"comment_status":"open","ping_status":"open","sticky":false,"template":"","format":"standard","meta":{"footnotes":""},"categories":[506,1922,266],"tags":[1404],"tag_documenti":[2414],"tag_documenti_traduzioni":[2417],"class_list":["post-2117","post","type-post","status-publish","format-standard","has-post-thumbnail","hentry","category-archivio-scritti-it","category-documenti","category-non-categorizzato","tag-1404","tag_documenti-scritto","tag_documenti_traduzioni-italiano"],"acf":[],"_links":{"self":[{"href":"https:\/\/chiaralubich.org\/en\/wp-json\/wp\/v2\/posts\/2117","targetHints":{"allow":["GET"]}}],"collection":[{"href":"https:\/\/chiaralubich.org\/en\/wp-json\/wp\/v2\/posts"}],"about":[{"href":"https:\/\/chiaralubich.org\/en\/wp-json\/wp\/v2\/types\/post"}],"author":[{"embeddable":true,"href":"https:\/\/chiaralubich.org\/en\/wp-json\/wp\/v2\/users\/1"}],"replies":[{"embeddable":true,"href":"https:\/\/chiaralubich.org\/en\/wp-json\/wp\/v2\/comments?post=2117"}],"version-history":[{"count":0,"href":"https:\/\/chiaralubich.org\/en\/wp-json\/wp\/v2\/posts\/2117\/revisions"}],"wp:featuredmedia":[{"embeddable":true,"href":"https:\/\/chiaralubich.org\/en\/wp-json\/wp\/v2\/media\/6105"}],"wp:attachment":[{"href":"https:\/\/chiaralubich.org\/en\/wp-json\/wp\/v2\/media?parent=2117"}],"wp:term":[{"taxonomy":"category","embeddable":true,"href":"https:\/\/chiaralubich.org\/en\/wp-json\/wp\/v2\/categories?post=2117"},{"taxonomy":"post_tag","embeddable":true,"href":"https:\/\/chiaralubich.org\/en\/wp-json\/wp\/v2\/tags?post=2117"},{"taxonomy":"tag_documenti","embeddable":true,"href":"https:\/\/chiaralubich.org\/en\/wp-json\/wp\/v2\/tag_documenti?post=2117"},{"taxonomy":"tag_documenti_traduzioni","embeddable":true,"href":"https:\/\/chiaralubich.org\/en\/wp-json\/wp\/v2\/tag_documenti_traduzioni?post=2117"}],"curies":[{"name":"wp","href":"https:\/\/api.w.org\/{rel}","templated":true}]}}