{"id":245096,"date":"2022-10-06T18:25:10","date_gmt":"2022-10-06T16:25:10","guid":{"rendered":"https:\/\/chiaralubich.org\/?p=245096"},"modified":"2022-11-13T19:00:22","modified_gmt":"2022-11-13T18:00:22","slug":"tutto-abbia-significato-e-valore","status":"publish","type":"post","link":"https:\/\/chiaralubich.org\/en\/archivio-scritti-en\/tutto-abbia-significato-e-valore\/","title":{"rendered":"\u201cTutto abbia significato e valore\u201d"},"content":{"rendered":"<p>Rocca di Papa, 14 giugno 1990 dal Collegamento CH \u201cLo vuoi Tu, lo voglio anch\u2019io\u201d<\/p>\n<p>Quella proposta da\u00a0<strong>Chiara Lubich<\/strong>, \u00e8 una spiritualit\u00e0 da incarnare nel quotidiano e che coinvolge tutti gli aspetti della vita umana. Gli universali valori evangelici, vengono rispettosamente proposti, in una tipica prospettiva comunitaria. Una spiritualit\u00e0 personale, ma non individuale, bens\u00ec comunitaria, perch\u00e9 l\u2019unione con Dio si raggiunge tramite e assieme i fratelli.<\/p>\n","protected":false},"excerpt":{"rendered":"<p>Rocca di Papa, 14 giugno 1990 dal Collegamento CH \u201cLo vuoi Tu, lo voglio anch\u2019io\u201d Quella proposta da\u00a0Chiara Lubich, \u00e8 una spiritualit\u00e0 da incarnare nel quotidiano e che coinvolge tutti gli aspetti della vita umana. Gli universali valori evangelici, vengono rispettosamente proposti, in una tipica prospettiva comunitaria. Una spiritualit\u00e0 personale, ma non individuale, bens\u00ec comunitaria, perch\u00e9 l\u2019unione con Dio si raggiunge tramite e assieme i fratelli.<\/p>\n","protected":false},"author":2,"featured_media":245115,"comment_status":"closed","ping_status":"closed","sticky":false,"template":"","format":"standard","meta":{"footnotes":""},"categories":[268,67,69,506,68,1922,1321],"tags":[1402],"tag_documenti":[2415,2414],"tag_documenti_traduzioni":[2418,2419,2417,2506],"class_list":["post-245096","post","type-post","status-publish","format-standard","has-post-thumbnail","hentry","category-archivio-audio-it","category-archivio-scritti-en","category-archivio-scritti-es","category-archivio-scritti-it","category-archivio-scritti-pt","category-documenti","category-ultime-notizie","tag-1402","tag_documenti-audio","tag_documenti-scritto","tag_documenti_traduzioni-english","tag_documenti_traduzioni-espanol","tag_documenti_traduzioni-italiano","tag_documenti_traduzioni-portugues"],"acf":[],"_links":{"self":[{"href":"https:\/\/chiaralubich.org\/en\/wp-json\/wp\/v2\/posts\/245096","targetHints":{"allow":["GET"]}}],"collection":[{"href":"https:\/\/chiaralubich.org\/en\/wp-json\/wp\/v2\/posts"}],"about":[{"href":"https:\/\/chiaralubich.org\/en\/wp-json\/wp\/v2\/types\/post"}],"author":[{"embeddable":true,"href":"https:\/\/chiaralubich.org\/en\/wp-json\/wp\/v2\/users\/2"}],"replies":[{"embeddable":true,"href":"https:\/\/chiaralubich.org\/en\/wp-json\/wp\/v2\/comments?post=245096"}],"version-history":[{"count":2,"href":"https:\/\/chiaralubich.org\/en\/wp-json\/wp\/v2\/posts\/245096\/revisions"}],"predecessor-version":[{"id":245099,"href":"https:\/\/chiaralubich.org\/en\/wp-json\/wp\/v2\/posts\/245096\/revisions\/245099"}],"wp:featuredmedia":[{"embeddable":true,"href":"https:\/\/chiaralubich.org\/en\/wp-json\/wp\/v2\/media\/245115"}],"wp:attachment":[{"href":"https:\/\/chiaralubich.org\/en\/wp-json\/wp\/v2\/media?parent=245096"}],"wp:term":[{"taxonomy":"category","embeddable":true,"href":"https:\/\/chiaralubich.org\/en\/wp-json\/wp\/v2\/categories?post=245096"},{"taxonomy":"post_tag","embeddable":true,"href":"https:\/\/chiaralubich.org\/en\/wp-json\/wp\/v2\/tags?post=245096"},{"taxonomy":"tag_documenti","embeddable":true,"href":"https:\/\/chiaralubich.org\/en\/wp-json\/wp\/v2\/tag_documenti?post=245096"},{"taxonomy":"tag_documenti_traduzioni","embeddable":true,"href":"https:\/\/chiaralubich.org\/en\/wp-json\/wp\/v2\/tag_documenti_traduzioni?post=245096"}],"curies":[{"name":"wp","href":"https:\/\/api.w.org\/{rel}","templated":true}]}}