{"id":247027,"date":"2023-09-13T08:45:06","date_gmt":"2023-09-13T06:45:06","guid":{"rendered":"https:\/\/chiaralubich.org\/?p=247027"},"modified":"2023-09-13T09:00:31","modified_gmt":"2023-09-13T07:00:31","slug":"un-seminario-con-il-centro-chiara-lubich","status":"publish","type":"post","link":"https:\/\/chiaralubich.org\/en\/ultime-notizie\/news\/un-seminario-con-il-centro-chiara-lubich\/","title":{"rendered":"Un seminario con il Centro Chiara Lubich"},"content":{"rendered":"<p>Quante volte ho ripetuto la definizione offerta da <em>Mutuae relationes<\/em>: \u00abIl carisma del fondatore si rivela come un\u2019esperienza dello Spirito trasmessa ai propri discepoli per essere da questi <em>vissuta<\/em>, <em>custodita<\/em>, <em>approfondita<\/em> e costantemente <em>sviluppata<\/em> in sintonia con il corpo di Cristo in perenne crescita\u00bb. Il carisma: non una definizione, un progetto teorico, ma un\u2019esperienza guidata dallo Spirito Santo che poi pu\u00f2 essere letta anche nella sua formulazione dottrinale.<\/p>\n<p>Compito di ogni fondatore e fondatrice \u00e8 \u201ctrasmettere\u201d il dono ricevuto: non gli appartiene, \u00e8 per la Chiesa.<\/p>\n<p>Da parte loro i discepoli sono chiamati a <em>vivere<\/em>, <em>custodire<\/em>, <em>approfondire<\/em> e costantemente <em>sviluppare<\/em> il dono ricevuto.<\/p>\n<p>\u201cVivere\u201d, innanzitutto. Questo verbo ci ricorda che il carisma, prima di essere oggetto di studio, \u00e8 una realt\u00e0 viva e dinamica cos\u00ec come lo Spirito che ne \u00e8 all\u2019origine. Grazie al carisma lo Spirito conforma a Cristo e coinvolge in un cammino di sequela.\u00a0Questa parola, \u201cvivere\u201d, ricorda che siamo implicati in un\u2019opera di Dio, che ci supera infinitamente e di cui siamo a servizio, con gioia e riconoscenza. Siamo nell\u2019ambito della vita, prima che delle idee, anche se la vita chiede di essere pensata.<\/p>\n<p>\u201cCustodire\u201d \u00e8 il secondo verbo. Custodire perch\u00e9 chi riceve il carisma non ne \u00e8 padrone. Il carisma \u00e8 un dono oggettivo ricevuto. Viene alla mente la ripetuta esortazione di Paolo a Timoteo: \u201cCustodisci ci\u00f2 che ti \u00e8 stato affidato\u201d (<em>1 Tm<\/em> 6, 20); \u201cCustodisci mediante lo Spirito Santo, che abita in noi, il bene prezioso che \u00e8 stato affidato\u201d (<em>2 Tm<\/em> 1, 14). Di qui il senso di responsabilit\u00e0, ma anche di intraprendenza. La parabola dei talenti insegna: non si pu\u00f2 \u201ccustodire\u201d il dono sotterrandolo, lasciandolo fermo e immutabile, occorre trafficarlo e farlo fruttificare.<\/p>\n<p>\u201cApprofondire\u201d \u2013 terzo verbo \u2013, perch\u00e9 il carisma \u00e8 di una ricchezza mai pienamente esplorata, ha sempre cose nuove da dire, soprattutto quanto interagisce con nuovi contesti culturali e storici. Questo richiede studio e sperimentazione, conoscenza e vita.<\/p>\n<p>\u201cSviluppare\u201d, cos\u00ec\u00a0che\u00a0il carisma del fondatore diventi\u00a0\u201ccarisma dell\u2019Istituto\u201d, quasi rifrazione collettiva di quello, sviluppato dalla vita, dall\u2019esperienza, dagli apporti personali di quanti lo Spirito continua a chiamare a farne parte: il seme diventa albero, nella sostanziale continuit\u00e0 tra gli inizi e il cammino successivo.<\/p>\n<p>In tutto questo mi \u00e8 sembrato di intravedere alcuni elementi della missione del \u201cCentro Chiara Lubich\u201d di cui da qualche anno ho l\u2019onore di far parte donando il mio piccolo contributo. Con i membri del Centro, 13 persone, abbiamo trascorso tre giorni intensi di seminario, sul senso della ricerca e degli studi attorno alla persona, al pensiero, al carisma di Chiara Lubich, alla sua narrazione\u2026 Prendendo atto che la sua persona travalica la missione di fondatrice e quindi della sua opera, il Movimento dei Focolari. \u00c8 una donna di tutta la Chiesa, che va al di l\u00e0 degli stessi confini della Chiesa. Cos\u00ec il lavoro del Centro a lei intitolato mira a collocarla nel pi\u00f9 ampio orizzonte ecclesiale e sociale e ad approfondire \u2013 con studi, convegni, iniziative le pi\u00f9 varie \u2013 il suo messaggio universale, partendo dalla storia, dalla linguistica, dalla teologia, e ad offrire strumenti per la sua conoscenza, a partire dalla pubblicazione sistematica delle opere\u2026 Uno studio a tutto campo per una donna a tutto campo.<\/p>\n<p style=\"text-align: right;\"><a href=\"https:\/\/www.cittanuova.it\/persona\/fabio-ciardi\/\">Fabio Ciardi<\/a><\/p>\n<p><a href=\"http:\/\/fabiociardi.blogspot.com\/2023\/09\/un-seminario-con-il-centro-chiara-lubich.html?m=1\">(Dal blog di Fabio Ciardi O.M.I.)<\/a><\/p>\n<p>&nbsp;<\/p>\n","protected":false},"excerpt":{"rendered":"<p>Quante volte ho ripetuto la definizione offerta da Mutuae relationes: \u00abIl carisma del fondatore si rivela come un\u2019esperienza dello Spirito trasmessa ai propri discepoli per essere da questi vissuta, custodita, approfondita e costantemente sviluppata in sintonia con il corpo di Cristo in perenne crescita\u00bb. Il carisma: non una definizione, un progetto teorico, ma un\u2019esperienza guidata dallo Spirito Santo che poi pu\u00f2 essere letta anche nella sua formulazione dottrinale. Compito di ogni fondatore e fondatrice \u00e8 \u201ctrasmettere\u201d il dono ricevuto: non gli appartiene, \u00e8 per la Chiesa. Da parte loro i discepoli sono chiamati a vivere, custodire, approfondire e costantemente sviluppare il dono ricevuto. \u201cVivere\u201d, innanzitutto. Questo verbo ci ricorda che il carisma, prima di essere oggetto di studio, \u00e8 una realt\u00e0 viva e dinamica cos\u00ec come lo Spirito che ne \u00e8 all\u2019origine. Grazie al carisma lo Spirito conforma a Cristo e coinvolge in un cammino di sequela.\u00a0Questa parola, \u201cvivere\u201d, ricorda che siamo implicati in un\u2019opera di Dio, che ci supera infinitamente e di cui siamo a servizio, con gioia e riconoscenza. [&hellip;]<\/p>\n","protected":false},"author":10,"featured_media":247028,"comment_status":"closed","ping_status":"closed","sticky":false,"template":"","format":"standard","meta":{"footnotes":""},"categories":[55,1321],"tags":[],"tag_documenti":[],"tag_documenti_traduzioni":[],"class_list":["post-247027","post","type-post","status-publish","format-standard","has-post-thumbnail","hentry","category-news","category-ultime-notizie"],"acf":[],"_links":{"self":[{"href":"https:\/\/chiaralubich.org\/en\/wp-json\/wp\/v2\/posts\/247027","targetHints":{"allow":["GET"]}}],"collection":[{"href":"https:\/\/chiaralubich.org\/en\/wp-json\/wp\/v2\/posts"}],"about":[{"href":"https:\/\/chiaralubich.org\/en\/wp-json\/wp\/v2\/types\/post"}],"author":[{"embeddable":true,"href":"https:\/\/chiaralubich.org\/en\/wp-json\/wp\/v2\/users\/10"}],"replies":[{"embeddable":true,"href":"https:\/\/chiaralubich.org\/en\/wp-json\/wp\/v2\/comments?post=247027"}],"version-history":[{"count":2,"href":"https:\/\/chiaralubich.org\/en\/wp-json\/wp\/v2\/posts\/247027\/revisions"}],"predecessor-version":[{"id":247033,"href":"https:\/\/chiaralubich.org\/en\/wp-json\/wp\/v2\/posts\/247027\/revisions\/247033"}],"wp:featuredmedia":[{"embeddable":true,"href":"https:\/\/chiaralubich.org\/en\/wp-json\/wp\/v2\/media\/247028"}],"wp:attachment":[{"href":"https:\/\/chiaralubich.org\/en\/wp-json\/wp\/v2\/media?parent=247027"}],"wp:term":[{"taxonomy":"category","embeddable":true,"href":"https:\/\/chiaralubich.org\/en\/wp-json\/wp\/v2\/categories?post=247027"},{"taxonomy":"post_tag","embeddable":true,"href":"https:\/\/chiaralubich.org\/en\/wp-json\/wp\/v2\/tags?post=247027"},{"taxonomy":"tag_documenti","embeddable":true,"href":"https:\/\/chiaralubich.org\/en\/wp-json\/wp\/v2\/tag_documenti?post=247027"},{"taxonomy":"tag_documenti_traduzioni","embeddable":true,"href":"https:\/\/chiaralubich.org\/en\/wp-json\/wp\/v2\/tag_documenti_traduzioni?post=247027"}],"curies":[{"name":"wp","href":"https:\/\/api.w.org\/{rel}","templated":true}]}}