{"id":323,"date":"2017-12-24T10:00:00","date_gmt":"2017-12-24T09:00:00","guid":{"rendered":"http:\/\/webdev.flars.net\/WORDPRESS\/?p=323"},"modified":"2021-08-31T02:01:21","modified_gmt":"2021-08-31T00:01:21","slug":"essere-maria","status":"publish","type":"post","link":"https:\/\/chiaralubich.org\/en\/archivio-scritti-it\/essere-maria\/","title":{"rendered":"Essere Maria"},"content":{"rendered":"<p>Carissimi gen,<br \/>\ne torna, come una dolcissima poesia, la ricorrenza di Natale.<br \/>\nIn questi giorni, come da secoli ormai, si intrecciano gli auguri, e la pace, che gli angeli hanno annunziato allora, si vede rifiorire, magari per pochi istanti, anche sul volto di uomini che non la conobbero mai.<br \/>\nAnch\u2019io voglio augurarvi qualcosa che vi sia veramente gradito e soprattutto desiderato da Colui che guida i nostri passi e sa il nostro bene.<br \/>\nQuesto il mio augurio: che la nostra vita sia un continuo Natale, solennizzato nel segreto dei cuori e nell\u2019intima fraternit\u00e0 che ha da estendersi in senso sempre pi\u00f9 vasto fino a prendere, quando Dio avr\u00e0 stabilito, i confini della terra: finch\u00e9 \u00abtutti siano uno\u00bb.<\/p>\n<p>Noi siamo legati per il nostro comune Ideale da un vincolo fortissimo, il pi\u00f9 forte crediamo, che possa esistere fra i cristiani.<br \/>\nVogliamo camminare verso Dio, uniti fra noi, fatti realt\u00e0 viva del suo ultimo desiderio, nel quale abbiamo trovato non solo la nostra specifica strada per farci santi, ma un modo di santificare e riconsacrare il mondo sconsacrato dall\u2019odio e dagli innumerevoli mali presenti.<br \/>\nNoi vogliamo far trionfare Cristo in mezzo a noi, perch\u00e9 un giorno Cristo sia l\u2019espressione unica e pi\u00f9 genuina della nostra societ\u00e0.<br \/>\nE non solo Cristo sempre pi\u00f9 splendido nel suo Vicario, via via pi\u00f9 amato e compreso, non solo Cristo che vive in tante divine maniere nella sua Chiesa, ma anche Cristo misticamente presente fra noi, noi semplice numero di uomini nella massa popolare cristiana, ma guardati ad uno ad uno ed insieme da Dio, perch\u00e9 capaci con la sua grazia di far qualcosa per la sua gloria.<br \/>\nNoi, infatti, abbiamo un potere, se vogliamo, sconosciuto ai molti: al seguito e sull\u2019esempio di Maria, pur grande perch\u00e9 Immacolata, ma sempre madre nostra e quindi vicina a noi, possiamo dar alla luce, nel cuore della societ\u00e0, Cristo Ges\u00f9.<br \/>\nLui l\u2019ha detto. E a Lui crediamo. Il mezzo \u00e8 il nostro cuore o meglio l\u2019amore cristiano reciproco che, se porta i requisiti richiesti da Ges\u00f9, porta, di conseguenza, la dolcissima, meravigliosa realt\u00e0 della nostra fede: \u00abIo sono in mezzo ad essi\u00bb (Mt 18, 20).<br \/>\nEd i requisiti in fondo non sono troppi, ma nemmeno pochi.<br \/>\nSono tutto quello che siamo ed abbiamo perch\u00e9 Dio vuole la nostra unit\u00e0 sempre accesa.<br \/>\nSe questa c\u2019\u00e8, anche nella stalla in cui alle volte \u00e8 ridotta la nostra societ\u00e0, se noi ci amiamo, Cristo \u00e8 in mezzo a noi: ed il Natale si perpetua, si moltiplica.<br \/>\nE dove c\u2019\u00e8 un Natale c\u2019\u00e8 Maria e Ges\u00f9.<br \/>\nNoi uniti dobbiamo insieme ripetere il mistero di Maria che dona Cristo: Cristo in mezzo a noi per miracolo divino.<br \/>\nE Tu, Ges\u00f9, vieni tra noi, resta fra noi.<br \/>\nUna volta i \u201ctuoi\u201d non ti ricevettero. Noi vorremmo, per quanto ci \u00e8 possibile, rimediare. Viviamo solo per accoglierti, per averti, per essere non noi, ma Te; per aiutarti a comporre sulla terra la citt\u00e0 nuova, la citt\u00e0 di Dio.<\/p>\n<p>Chiara<\/p>\n<p>Da \u201cGEN\u201d, dicembre 1973: Editoriale<\/p>\n<p><a class=\"pdf\" href=\"index.php?option=com_docman&amp;task=doc_download&amp;gid=394\" target=\"_blank\" rel=\"noopener noreferrer\">Trascrizione<\/a><\/p>\n","protected":false},"excerpt":{"rendered":"<p>Carissimi gen, e torna, come una dolcissima poesia, la ricorrenza di Natale. In questi giorni, come da secoli ormai, si intrecciano gli auguri, e la pace, che gli angeli hanno annunziato allora, si vede rifiorire, magari per pochi istanti, anche sul volto di uomini che non la conobbero mai. Anch\u2019io voglio augurarvi qualcosa che vi sia veramente gradito e soprattutto desiderato da Colui che guida i nostri passi e sa il nostro bene. Questo il mio augurio: che la nostra vita sia un continuo Natale, solennizzato nel segreto dei cuori e nell\u2019intima fraternit\u00e0 che ha da estendersi in senso sempre pi\u00f9 vasto fino a prendere, quando Dio avr\u00e0 stabilito, i confini della terra: finch\u00e9 \u00abtutti siano uno\u00bb. Noi siamo legati per il nostro comune Ideale da un vincolo fortissimo, il pi\u00f9 forte crediamo, che possa esistere fra i cristiani. Vogliamo camminare verso Dio, uniti fra noi, fatti realt\u00e0 viva del suo ultimo desiderio, nel quale abbiamo trovato non solo la nostra specifica strada per farci santi, ma un modo di santificare [&hellip;]<\/p>\n","protected":false},"author":1,"featured_media":6105,"comment_status":"open","ping_status":"open","sticky":false,"template":"","format":"standard","meta":{"footnotes":""},"categories":[506,1922],"tags":[1390],"tag_documenti":[2414],"tag_documenti_traduzioni":[2417],"class_list":["post-323","post","type-post","status-publish","format-standard","has-post-thumbnail","hentry","category-archivio-scritti-it","category-documenti","tag-1390","tag_documenti-scritto","tag_documenti_traduzioni-italiano"],"acf":[],"_links":{"self":[{"href":"https:\/\/chiaralubich.org\/en\/wp-json\/wp\/v2\/posts\/323","targetHints":{"allow":["GET"]}}],"collection":[{"href":"https:\/\/chiaralubich.org\/en\/wp-json\/wp\/v2\/posts"}],"about":[{"href":"https:\/\/chiaralubich.org\/en\/wp-json\/wp\/v2\/types\/post"}],"author":[{"embeddable":true,"href":"https:\/\/chiaralubich.org\/en\/wp-json\/wp\/v2\/users\/1"}],"replies":[{"embeddable":true,"href":"https:\/\/chiaralubich.org\/en\/wp-json\/wp\/v2\/comments?post=323"}],"version-history":[{"count":0,"href":"https:\/\/chiaralubich.org\/en\/wp-json\/wp\/v2\/posts\/323\/revisions"}],"wp:featuredmedia":[{"embeddable":true,"href":"https:\/\/chiaralubich.org\/en\/wp-json\/wp\/v2\/media\/6105"}],"wp:attachment":[{"href":"https:\/\/chiaralubich.org\/en\/wp-json\/wp\/v2\/media?parent=323"}],"wp:term":[{"taxonomy":"category","embeddable":true,"href":"https:\/\/chiaralubich.org\/en\/wp-json\/wp\/v2\/categories?post=323"},{"taxonomy":"post_tag","embeddable":true,"href":"https:\/\/chiaralubich.org\/en\/wp-json\/wp\/v2\/tags?post=323"},{"taxonomy":"tag_documenti","embeddable":true,"href":"https:\/\/chiaralubich.org\/en\/wp-json\/wp\/v2\/tag_documenti?post=323"},{"taxonomy":"tag_documenti_traduzioni","embeddable":true,"href":"https:\/\/chiaralubich.org\/en\/wp-json\/wp\/v2\/tag_documenti_traduzioni?post=323"}],"curies":[{"name":"wp","href":"https:\/\/api.w.org\/{rel}","templated":true}]}}